{"id":801,"date":"2026-05-02T11:46:20","date_gmt":"2026-05-02T11:46:20","guid":{"rendered":"https:\/\/centrumfacylitacji.pl\/?p=801"},"modified":"2026-05-02T11:47:54","modified_gmt":"2026-05-02T11:47:54","slug":"webinar-obrazy-z-ziemi","status":"publish","type":"post","link":"https:\/\/centrumfacylitacji.pl\/index.php\/2026\/05\/02\/webinar-obrazy-z-ziemi\/","title":{"rendered":"Webinar &#8211; Obrazy z Ziemi"},"content":{"rendered":"\n<p>Obrazy z Ziemi &#8211; gra, kt\u00f3ra pokazuje zesp\u00f3\u0142 takim, jaki naprawd\u0119 jest.<\/p>\n\n\n\n<p>Webinar dla trener\u00f3w i szkoleniowc\u00f3w, kt\u00f3rzy chc\u0105 zobaczy\u0107 gr\u0119 w akcji i dowiedzie\u0107 si\u0119, jak wple\u015b\u0107 j\u0105 we w\u0142asne programy szkoleniowe.<br><strong>Ju\u017c 26 maja godz. 19:00.<\/strong><br><a href=\"https:\/\/centrumfacylitacji.pl\/webinar\/\">Zapisz si\u0119!<\/a><\/p>\n\n\n\n<p><\/p>\n","protected":false},"excerpt":{"rendered":"<p>Obrazy z Ziemi &#8211; gra, kt\u00f3ra pokazuje zesp\u00f3\u0142 takim, jaki naprawd\u0119 jest. Webinar dla trener\u00f3w i szkoleniowc\u00f3w, kt\u00f3rzy chc\u0105 zobaczy\u0107 gr\u0119 w akcji i dowiedzie\u0107 si\u0119, jak wple\u015b\u0107 j\u0105 we &#8230;<\/p>\n","protected":false},"author":1,"featured_media":799,"comment_status":"open","ping_status":"open","sticky":false,"template":"","format":"standard","meta":{"footnotes":""},"categories":[3,4,9],"tags":[],"class_list":["post-801","post","type-post","status-publish","format-standard","has-post-thumbnail","hentry","category-facylitacja","category-spotkania-on-line","category-wiedza"],"_links":{"self":[{"href":"https:\/\/centrumfacylitacji.pl\/index.php\/wp-json\/wp\/v2\/posts\/801","targetHints":{"allow":["GET"]}}],"collection":[{"href":"https:\/\/centrumfacylitacji.pl\/index.php\/wp-json\/wp\/v2\/posts"}],"about":[{"href":"https:\/\/centrumfacylitacji.pl\/index.php\/wp-json\/wp\/v2\/types\/post"}],"author":[{"embeddable":true,"href":"https:\/\/centrumfacylitacji.pl\/index.php\/wp-json\/wp\/v2\/users\/1"}],"replies":[{"embeddable":true,"href":"https:\/\/centrumfacylitacji.pl\/index.php\/wp-json\/wp\/v2\/comments?post=801"}],"version-history":[{"count":1,"href":"https:\/\/centrumfacylitacji.pl\/index.php\/wp-json\/wp\/v2\/posts\/801\/revisions"}],"predecessor-version":[{"id":802,"href":"https:\/\/centrumfacylitacji.pl\/index.php\/wp-json\/wp\/v2\/posts\/801\/revisions\/802"}],"wp:featuredmedia":[{"embeddable":true,"href":"https:\/\/centrumfacylitacji.pl\/index.php\/wp-json\/wp\/v2\/media\/799"}],"wp:attachment":[{"href":"https:\/\/centrumfacylitacji.pl\/index.php\/wp-json\/wp\/v2\/media?parent=801"}],"wp:term":[{"taxonomy":"category","embeddable":true,"href":"https:\/\/centrumfacylitacji.pl\/index.php\/wp-json\/wp\/v2\/categories?post=801"},{"taxonomy":"post_tag","embeddable":true,"href":"https:\/\/centrumfacylitacji.pl\/index.php\/wp-json\/wp\/v2\/tags?post=801"}],"curies":[{"name":"wp","href":"https:\/\/api.w.org\/{rel}","templated":true}]}}